{"id":958,"date":"2026-08-13T23:39:55","date_gmt":"2026-08-13T23:39:55","guid":{"rendered":"https:\/\/turkiyemradyo.com\/?p=958"},"modified":"2026-08-13T23:39:56","modified_gmt":"2026-08-13T23:39:56","slug":"derya-ulug-malatyada-konser-verdi","status":"publish","type":"post","link":"https:\/\/turkiyemradyo.com\/?p=958","title":{"rendered":"Derya Ulu\u011f Malatya\u2019da Konser Verdi"},"content":{"rendered":"\n<p class=\"wp-block-paragraph\">Malatya K\u00fclt\u00fcr Yolu Festivali\u2019nin be\u015finci g\u00fcn\u00fcnde sahne alan Derya Ulu\u011f, sevilen \u015fark\u0131lar\u0131 ve enerjik sahne performans\u0131yla Malatyal\u0131 m\u00fczikseverlere unutulmaz bir ak\u015fam ya\u015fatt\u0131.<\/p>\n\n\n\n<p class=\"wp-block-paragraph\">K\u00fclt\u00fcr ve Turizm Bakanl\u0131\u011f\u0131 taraf\u0131ndan d\u00fczenlenen Malatya K\u00fclt\u00fcr Yolu Festivali kapsam\u0131nda Ye\u015filyurt il\u00e7esindeki 100. Y\u0131l Kent Park\u0131\u2019nda konser veren Derya Ulu\u011f, sevilen eserlerini dinleyicilerle bulu\u015fturdu.<\/p>\n\n\n\n<p class=\"wp-block-paragraph\">Konser boyunca <strong>\u201c\u015e\u0131mar\u0131k\u201d, \u201cNoldu B\u00f6yle\u201d ve \u201cSana \u00c7\u0131k\u0131yor Yollar\u201d<\/strong> ba\u015fta olmak \u00fczere repertuvar\u0131ndaki sevilen \u015fark\u0131lar\u0131 seslendiren Ulu\u011f&#8217;a, konser alan\u0131n\u0131 dolduran m\u00fczikseverler alk\u0131\u015flar\u0131 ve ritimleriyle e\u015flik etti.<\/p>\n\n\n\n<p class=\"wp-block-paragraph\">Sahnedeki enerjisi ve dinamik performans\u0131yla dikkat \u00e7eken sanat\u00e7\u0131, hareketli par\u00e7alar\u0131n\u0131n yan\u0131 s\u0131ra duygusal \u015fark\u0131lar\u0131na da yer verdi. Farkl\u0131 ya\u015f gruplar\u0131ndan Malatyal\u0131lar\u0131n yo\u011fun ilgi g\u00f6sterdi\u011fi konser, festivalin renkli etkinliklerinden biri oldu.<\/p>\n\n\n\n<h2 class=\"wp-block-heading\">Ulu\u011f\u2019dan Duygusal Mesaj<\/h2>\n\n\n\n<p class=\"wp-block-paragraph\">Derya Ulu\u011f, konser s\u0131ras\u0131nda yapt\u0131\u011f\u0131 konu\u015fmada, masum insanlar\u0131n ya\u015fad\u0131\u011f\u0131 ac\u0131lara dikkat \u00e7ekti. Kad\u0131nlar\u0131n, \u00e7ocuklar\u0131n ve hayvanlar\u0131n hayat\u0131n\u0131 kaybetmesinden duydu\u011fu \u00fcz\u00fcnt\u00fcy\u00fc dile getiren sanat\u00e7\u0131, \u00f6zellikle Gazze\u2019de ya\u015fananlar\u0131n sona ermesini temenni etti.<\/p>\n\n\n\n<p class=\"wp-block-paragraph\">Ulu\u011f, sahnelerin sesini duyurabildi\u011fi en \u00f6nemli alanlardan biri oldu\u011funu belirterek, masum insanlar\u0131n ac\u0131lar\u0131n\u0131 dile getirmeye ve onlar\u0131 sayg\u0131yla anmaya devam edece\u011fini ifade etti.<\/p>\n\n\n\n<ol start=\"100\" class=\"wp-block-list\">\n<li>Y\u0131l Kent Park\u0131\u2019nda ger\u00e7ekle\u015fen konser boyunca m\u00fczikseverler sanat\u00e7\u0131n\u0131n \u015fark\u0131lar\u0131na hep bir a\u011f\u0131zdan e\u015flik ederken, Derya Ulu\u011f\u2019un performans\u0131 alk\u0131\u015flarla kar\u015f\u0131land\u0131.<\/li>\n<\/ol>\n\n\n\n<p class=\"wp-block-paragraph\">Malatya K\u00fclt\u00fcr Yolu Festivali, \u00f6n\u00fcm\u00fczdeki g\u00fcnlerde farkl\u0131 sanat\u00e7\u0131lar\u0131n konserleri ve \u00e7e\u015fitli k\u00fclt\u00fcr-sanat etkinlikleriyle devam edecek.<\/p>\n","protected":false},"excerpt":{"rendered":"<p>Malatya K\u00fclt\u00fcr Yolu Festivali\u2019nin be\u015finci g\u00fcn\u00fcnde sahne alan Derya Ulu\u011f, sevilen \u015fark\u0131lar\u0131 ve enerjik sahne performans\u0131yla Malatyal\u0131 m\u00fczikseverlere unutulmaz bir ak\u015fam ya\u015fatt\u0131. K\u00fclt\u00fcr ve Turizm Bakanl\u0131\u011f\u0131 taraf\u0131ndan d\u00fczenlenen Malatya K\u00fclt\u00fcr Yolu Festivali kapsam\u0131nda Ye\u015filyurt il\u00e7esindeki 100. Y\u0131l Kent Park\u0131\u2019nda konser veren Derya Ulu\u011f, sevilen eserlerini dinleyicilerle bulu\u015fturdu. Konser boyunca \u201c\u015e\u0131mar\u0131k\u201d, \u201cNoldu B\u00f6yle\u201d ve \u201cSana \u00c7\u0131k\u0131yor [&hellip;]<\/p>\n","protected":false},"author":1,"featured_media":959,"comment_status":"open","ping_status":"open","sticky":false,"template":"","format":"standard","meta":{"footnotes":""},"categories":[16],"tags":[],"class_list":["post-958","post","type-post","status-publish","format-standard","has-post-thumbnail","hentry","category-magazin"],"_links":{"self":[{"href":"https:\/\/turkiyemradyo.com\/index.php?rest_route=\/wp\/v2\/posts\/958","targetHints":{"allow":["GET"]}}],"collection":[{"href":"https:\/\/turkiyemradyo.com\/index.php?rest_route=\/wp\/v2\/posts"}],"about":[{"href":"https:\/\/turkiyemradyo.com\/index.php?rest_route=\/wp\/v2\/types\/post"}],"author":[{"embeddable":true,"href":"https:\/\/turkiyemradyo.com\/index.php?rest_route=\/wp\/v2\/users\/1"}],"replies":[{"embeddable":true,"href":"https:\/\/turkiyemradyo.com\/index.php?rest_route=%2Fwp%2Fv2%2Fcomments&post=958"}],"version-history":[{"count":1,"href":"https:\/\/turkiyemradyo.com\/index.php?rest_route=\/wp\/v2\/posts\/958\/revisions"}],"predecessor-version":[{"id":960,"href":"https:\/\/turkiyemradyo.com\/index.php?rest_route=\/wp\/v2\/posts\/958\/revisions\/960"}],"wp:featuredmedia":[{"embeddable":true,"href":"https:\/\/turkiyemradyo.com\/index.php?rest_route=\/wp\/v2\/media\/959"}],"wp:attachment":[{"href":"https:\/\/turkiyemradyo.com\/index.php?rest_route=%2Fwp%2Fv2%2Fmedia&parent=958"}],"wp:term":[{"taxonomy":"category","embeddable":true,"href":"https:\/\/turkiyemradyo.com\/index.php?rest_route=%2Fwp%2Fv2%2Fcategories&post=958"},{"taxonomy":"post_tag","embeddable":true,"href":"https:\/\/turkiyemradyo.com\/index.php?rest_route=%2Fwp%2Fv2%2Ftags&post=958"}],"curies":[{"name":"wp","href":"https:\/\/api.w.org\/{rel}","templated":true}]}}