{"id":955,"date":"2026-08-13T23:37:19","date_gmt":"2026-08-13T23:37:19","guid":{"rendered":"https:\/\/turkiyemradyo.com\/?p=955"},"modified":"2026-08-13T23:37:20","modified_gmt":"2026-08-13T23:37:20","slug":"eurovisionda-2027-icin-yeni-kurallar-guvenlik-riski-olan-ulkeler-ev-sahipligi-yapamayacak","status":"publish","type":"post","link":"https:\/\/turkiyemradyo.com\/?p=955","title":{"rendered":"Eurovision&#8217;da 2027 \u0130\u00e7in Yeni Kurallar: G\u00fcvenlik Riski Olan \u00dclkeler Ev Sahipli\u011fi Yapamayacak"},"content":{"rendered":"\n<p class=\"wp-block-paragraph\">Avrupa Yay\u0131n Birli\u011fi (EBU), Eurovision \u015eark\u0131 Yar\u0131\u015fmas\u0131 i\u00e7in 2027 y\u0131l\u0131ndan itibaren ge\u00e7erli olacak yeni kurallar\u0131 a\u00e7\u0131klad\u0131. Buna g\u00f6re yar\u0131\u015fmay\u0131 kazanan \u00fclkenin silahl\u0131 \u00e7at\u0131\u015fmaya dahil olmas\u0131 veya \u00fclke ile yak\u0131n \u00e7evresinde ciddi g\u00fcvenlik ve istikrar riski bulunmas\u0131 halinde, yar\u0131\u015fma bir sonraki y\u0131l ba\u015fka bir \u00fclkede d\u00fczenlenecek.<\/p>\n\n\n\n<h2 class=\"wp-block-heading\">G\u00dcVENL\u0130K DE\u011eERLEND\u0130RMES\u0130 YAPILAB\u0130LECEK<\/h2>\n\n\n\n<p class=\"wp-block-paragraph\">Yeni d\u00fczenlemeye g\u00f6re EBU, gerekli g\u00f6rd\u00fc\u011f\u00fc durumlarda kazanan \u00fclkenin bulundu\u011fu b\u00f6lge i\u00e7in ba\u011f\u0131ms\u0131z bir g\u00fcvenlik de\u011ferlendirmesi yapt\u0131rabilecek. De\u011ferlendirmenin ard\u0131ndan EBU, Referans Grubu ile g\u00f6r\u00fc\u015ferek \u00fclkenin yar\u0131\u015fmaya g\u00fcvenli \u015fekilde ev sahipli\u011fi yap\u0131p yapamayaca\u011f\u0131na karar verecek.<\/p>\n\n\n\n<p class=\"wp-block-paragraph\">Yeni kural, \u00f6zellikle sava\u015f ve g\u00fcvenlik sorunlar\u0131n\u0131n Eurovision&#8217;un ev sahipli\u011fi s\u00fcrecini etkiledi\u011fi ge\u00e7mi\u015f \u00f6rneklerin ard\u0131ndan getirildi.<\/p>\n\n\n\n<h2 class=\"wp-block-heading\">UKRAYNA \u00d6RNE\u011e\u0130 KURAL HAL\u0130NE GELD\u0130<\/h2>\n\n\n\n<p class=\"wp-block-paragraph\">Ukrayna, Rusya&#8217;n\u0131n 2022&#8217;deki i\u015fgalinin ard\u0131ndan ayn\u0131 y\u0131l Eurovision&#8217;u Kalush Orchestra&#8217;n\u0131n &#8220;Stefania&#8221; \u015fark\u0131s\u0131yla kazanm\u0131\u015ft\u0131. Ancak g\u00fcvenlik riskleri nedeniyle 2023 Eurovision&#8217;una ev sahipli\u011fi yapamam\u0131\u015f, yar\u0131\u015fma \u0130ngiltere&#8217;nin Liverpool kentinde d\u00fczenlenmi\u015fti.<\/p>\n\n\n\n<p class=\"wp-block-paragraph\">EBU&#8217;nun yeni d\u00fczenlemesiyle benzer durumlarda uygulanacak s\u00fcre\u00e7 resm\u00ee bir kurala ba\u011flanm\u0131\u015f oldu.<\/p>\n\n\n\n<h2 class=\"wp-block-heading\">YA\u015e SINIRI 18&#8217;E Y\u00dcKSELT\u0130LD\u0130<\/h2>\n\n\n\n<p class=\"wp-block-paragraph\">EBU, sanat\u00e7\u0131lar\u0131n yar\u0131\u015fmaya kat\u0131labilmesi i\u00e7in ya\u015f s\u0131n\u0131r\u0131n\u0131 da de\u011fi\u015ftirdi. Daha \u00f6nce 16 olan minimum ya\u015f s\u0131n\u0131r\u0131, 2027&#8217;den itibaren 18&#8217;e \u00e7\u0131kar\u0131ld\u0131.<\/p>\n\n\n\n<p class=\"wp-block-paragraph\">\u00d6nceden kaydedilmi\u015f vokallerin kullan\u0131m\u0131na ili\u015fkin kurallar\u0131n da s\u0131k\u0131la\u015ft\u0131r\u0131ld\u0131\u011f\u0131 a\u00e7\u0131kland\u0131. D\u00fczenlemelerin sanat\u00e7\u0131lar\u0131n korunmas\u0131 ve yar\u0131\u015fman\u0131n daha g\u00fcvenli bir ortamda ger\u00e7ekle\u015ftirilmesi amac\u0131 ta\u015f\u0131d\u0131\u011f\u0131 belirtildi.<\/p>\n\n\n\n<h2 class=\"wp-block-heading\">KANADA EUROVISION&#8217;A KATILACAK<\/h2>\n\n\n\n<p class=\"wp-block-paragraph\">Kanada, 2027 Eurovision \u015eark\u0131 Yar\u0131\u015fmas\u0131&#8217;nda ilk kez yer alacak. Kanada kamu yay\u0131nc\u0131s\u0131 CBC\/Radio-Canada&#8217;n\u0131n EBU&#8217;ya tam \u00fcye olmas\u0131n\u0131n ard\u0131ndan \u00fclkenin yar\u0131\u015fmaya kat\u0131l\u0131m\u0131 kesinle\u015fti.<\/p>\n\n\n\n<p class=\"wp-block-paragraph\">Kanada, 2015 y\u0131l\u0131nda yar\u0131\u015fmaya kat\u0131lan Avustralya&#8217;n\u0131n ard\u0131ndan Eurovision&#8217;a dahil olan ilk yeni \u00fclke olacak.<\/p>\n\n\n\n<h2 class=\"wp-block-heading\">EUROVISION 2027 BURGAZ&#8217;DA<\/h2>\n\n\n\n<p class=\"wp-block-paragraph\">2027 Eurovision \u015eark\u0131 Yar\u0131\u015fmas\u0131, Bulgaristan&#8217;\u0131n Karadeniz k\u0131y\u0131s\u0131ndaki Burgaz kentinde d\u00fczenlenecek.<\/p>\n\n\n\n<p class=\"wp-block-paragraph\">Bulgaristan&#8217;\u0131n 2026 yar\u0131\u015fmas\u0131n\u0131 DARA&#8217;n\u0131n &#8220;Bangaranga&#8221; adl\u0131 \u015fark\u0131s\u0131yla kazanmas\u0131n\u0131n ard\u0131ndan 2027 yar\u0131\u015fmas\u0131n\u0131n ev sahipli\u011fi de \u00fclkeye verildi.<\/p>\n\n\n\n<h2 class=\"wp-block-heading\">T\u00dcRK\u0130YE EUROVISION&#8217;A D\u00d6NECEK M\u0130?<\/h2>\n\n\n\n<p class=\"wp-block-paragraph\">T\u00fcrkiye&#8217;nin 2027 Eurovision \u015eark\u0131 Yar\u0131\u015fmas\u0131&#8217;na kat\u0131l\u0131p kat\u0131lmayaca\u011f\u0131 konusunda hen\u00fcz resmi bir a\u00e7\u0131klama bulunmuyor.<\/p>\n\n\n\n<p class=\"wp-block-paragraph\">T\u00fcrkiye yar\u0131\u015fmaya son olarak 2012 y\u0131l\u0131nda Bak\u00fc&#8217;de Can Bonomo&#8217;nun &#8220;Love Me Back&#8221; adl\u0131 \u015fark\u0131s\u0131yla kat\u0131lm\u0131\u015ft\u0131.<\/p>\n\n\n\n<p class=\"wp-block-paragraph\">T\u00fcrkiye&#8217;nin yar\u0131\u015fmadan \u00e7ekilmesinin ard\u0131ndan Sertab Erener, 2024 y\u0131l\u0131nda Malm\u00f6&#8217;de d\u00fczenlenen Eurovision&#8217;un ikinci yar\u0131 finalinde konuk sanat\u00e7\u0131 olarak sahne alm\u0131\u015f ve 2003 y\u0131l\u0131nda T\u00fcrkiye&#8217;ye birincilik getiren &#8220;Everyway That I Can&#8221; \u015fark\u0131s\u0131n\u0131 yeniden seslendirmi\u015fti.<\/p>\n","protected":false},"excerpt":{"rendered":"<p>Avrupa Yay\u0131n Birli\u011fi (EBU), Eurovision \u015eark\u0131 Yar\u0131\u015fmas\u0131 i\u00e7in 2027 y\u0131l\u0131ndan itibaren ge\u00e7erli olacak yeni kurallar\u0131 a\u00e7\u0131klad\u0131. Buna g\u00f6re yar\u0131\u015fmay\u0131 kazanan \u00fclkenin silahl\u0131 \u00e7at\u0131\u015fmaya dahil olmas\u0131 veya \u00fclke ile yak\u0131n \u00e7evresinde ciddi g\u00fcvenlik ve istikrar riski bulunmas\u0131 halinde, yar\u0131\u015fma bir sonraki y\u0131l ba\u015fka bir \u00fclkede d\u00fczenlenecek. G\u00dcVENL\u0130K DE\u011eERLEND\u0130RMES\u0130 YAPILAB\u0130LECEK Yeni d\u00fczenlemeye g\u00f6re EBU, gerekli g\u00f6rd\u00fc\u011f\u00fc durumlarda [&hellip;]<\/p>\n","protected":false},"author":1,"featured_media":956,"comment_status":"open","ping_status":"open","sticky":false,"template":"","format":"standard","meta":{"footnotes":""},"categories":[16],"tags":[],"class_list":["post-955","post","type-post","status-publish","format-standard","has-post-thumbnail","hentry","category-magazin"],"_links":{"self":[{"href":"https:\/\/turkiyemradyo.com\/index.php?rest_route=\/wp\/v2\/posts\/955","targetHints":{"allow":["GET"]}}],"collection":[{"href":"https:\/\/turkiyemradyo.com\/index.php?rest_route=\/wp\/v2\/posts"}],"about":[{"href":"https:\/\/turkiyemradyo.com\/index.php?rest_route=\/wp\/v2\/types\/post"}],"author":[{"embeddable":true,"href":"https:\/\/turkiyemradyo.com\/index.php?rest_route=\/wp\/v2\/users\/1"}],"replies":[{"embeddable":true,"href":"https:\/\/turkiyemradyo.com\/index.php?rest_route=%2Fwp%2Fv2%2Fcomments&post=955"}],"version-history":[{"count":1,"href":"https:\/\/turkiyemradyo.com\/index.php?rest_route=\/wp\/v2\/posts\/955\/revisions"}],"predecessor-version":[{"id":957,"href":"https:\/\/turkiyemradyo.com\/index.php?rest_route=\/wp\/v2\/posts\/955\/revisions\/957"}],"wp:featuredmedia":[{"embeddable":true,"href":"https:\/\/turkiyemradyo.com\/index.php?rest_route=\/wp\/v2\/media\/956"}],"wp:attachment":[{"href":"https:\/\/turkiyemradyo.com\/index.php?rest_route=%2Fwp%2Fv2%2Fmedia&parent=955"}],"wp:term":[{"taxonomy":"category","embeddable":true,"href":"https:\/\/turkiyemradyo.com\/index.php?rest_route=%2Fwp%2Fv2%2Fcategories&post=955"},{"taxonomy":"post_tag","embeddable":true,"href":"https:\/\/turkiyemradyo.com\/index.php?rest_route=%2Fwp%2Fv2%2Ftags&post=955"}],"curies":[{"name":"wp","href":"https:\/\/api.w.org\/{rel}","templated":true}]}}