{"id":949,"date":"2026-08-13T23:33:04","date_gmt":"2026-08-13T23:33:04","guid":{"rendered":"https:\/\/turkiyemradyo.com\/?p=949"},"modified":"2026-08-13T23:33:04","modified_gmt":"2026-08-13T23:33:04","slug":"istanbul-festivali-levent-yuksel-ile-90lar-ruhuna-sahne-oldu","status":"publish","type":"post","link":"https:\/\/turkiyemradyo.com\/?p=949","title":{"rendered":"\u0130stanbul Festivali, Levent Y\u00fcksel ile 90&#8217;lar Ruhuna Sahne Oldu"},"content":{"rendered":"\n<p class=\"wp-block-paragraph\">\u0130stanbul Festivali, 12 A\u011fustos ak\u015fam\u0131nda T\u00fcrk pop m\u00fczi\u011finin g\u00fc\u00e7l\u00fc yorumcular\u0131ndan Levent Y\u00fcksel&#8217;i a\u011f\u0131rlad\u0131. Festival Park Yenikap\u0131&#8217;da ger\u00e7ekle\u015fen konserde, 1990&#8217;l\u0131 y\u0131llardan g\u00fcn\u00fcm\u00fcze uzanan sevilen \u015fark\u0131lar farkl\u0131 ku\u015faklardan m\u00fczikseverleri bir araya getirdi.<\/p>\n\n\n\n<h2 class=\"wp-block-heading\">LEVENT Y\u00dcKSEL&#8217;DEN DUYGU Y\u00dcKL\u00dc PERFORMANS<\/h2>\n\n\n\n<p class=\"wp-block-paragraph\">Levent Y\u00fcksel, g\u00fc\u00e7l\u00fc repertuvar\u0131yla festival alan\u0131nda m\u00fczikseverlere nostalji dolu bir gece ya\u015fatt\u0131.<\/p>\n\n\n\n<p class=\"wp-block-paragraph\">Sanat\u00e7\u0131; <strong>\u201cZalim\u201d, \u201cTuana\u201d, \u201cMed Cezir\u201d<\/strong> ve <strong>\u201cYeter Ki Onursuz Olmas\u0131n A\u015fk\u201d<\/strong> gibi sevilen eserlerini seslendirdi. \u015eark\u0131lara e\u015flik eden binlerce m\u00fcziksever, Festival Park Yenikap\u0131&#8217;y\u0131 b\u00fcy\u00fck bir a\u00e7\u0131k hava korosuna d\u00f6n\u00fc\u015ft\u00fcrd\u00fc.<\/p>\n\n\n\n<p class=\"wp-block-paragraph\">Y\u00fcksel&#8217;in g\u00fc\u00e7l\u00fc vokali ve canl\u0131 orkestras\u0131yla olu\u015fturdu\u011fu m\u00fczikal b\u00fct\u00fcnl\u00fck, 90&#8217;lar nostaljisini g\u00fcn\u00fcm\u00fcz\u00fcn konser enerjisiyle bulu\u015fturdu.<\/p>\n\n\n\n<h2 class=\"wp-block-heading\">FEST\u0130VALDE KONSER PROGRAMI DEVAM ED\u0130YOR<\/h2>\n\n\n\n<p class=\"wp-block-paragraph\">\u0130stanbul Festivali kapsam\u0131nda 13 A\u011fustos&#8217;ta <strong>Dedubl\u00fcman ve Duman<\/strong> sahne alacak.<\/p>\n\n\n\n<p class=\"wp-block-paragraph\">Festivalin uluslararas\u0131 program\u0131nda ise K-pop sanat\u00e7\u0131lar\u0131 <strong>KWON EUNBI ve ATEEZ<\/strong> 14 A\u011fustos&#8217;ta, <strong>SUNMI ve MONSTA X<\/strong> 15 A\u011fustos&#8217;ta m\u00fczikseverlerle bulu\u015facak.<\/p>\n\n\n\n<p class=\"wp-block-paragraph\">Festival, 16 A\u011fustos&#8217;ta <strong>Hadise ve Argy<\/strong> performanslar\u0131yla sona erecek.<\/p>\n\n\n\n<h2 class=\"wp-block-heading\">M\u00dcZ\u0130K, SPOR VE E\u011eLENCE B\u0130R ARADA<\/h2>\n\n\n\n<p class=\"wp-block-paragraph\">Festival alan\u0131nda yaln\u0131zca konserler de\u011fil, farkl\u0131 etkinlikler de ziyaret\u00e7ilere sunuluyor.<\/p>\n\n\n\n<p class=\"wp-block-paragraph\">Gen\u00e7 Sahne&#8217;de canl\u0131 performanslar, DJ setleri, dans g\u00f6sterileri, s\u00f6yle\u015filer ve interaktif etkinlikler d\u00fczenlenirken, 3&#215;3 Basketbol Alan\u0131&#8217;nda turnuvalar, g\u00f6steri ma\u00e7lar\u0131, yar\u0131\u015fmalar ve \u00e7e\u015fitli aktiviteler ger\u00e7ekle\u015ftiriliyor.<\/p>\n\n\n\n<p class=\"wp-block-paragraph\">Marka deneyim alanlar\u0131, \u00e7ocuklara y\u00f6nelik e\u011flence noktalar\u0131 ve gastronomi se\u00e7enekleriyle desteklenen \u0130stanbul Festivali, m\u00fczik, spor, e\u011flence ve lezzeti bir araya getirerek ziyaret\u00e7ilere g\u00fcn boyu s\u00fcren festival deneyimi sunuyor.<\/p>\n","protected":false},"excerpt":{"rendered":"<p>\u0130stanbul Festivali, 12 A\u011fustos ak\u015fam\u0131nda T\u00fcrk pop m\u00fczi\u011finin g\u00fc\u00e7l\u00fc yorumcular\u0131ndan Levent Y\u00fcksel&#8217;i a\u011f\u0131rlad\u0131. Festival Park Yenikap\u0131&#8217;da ger\u00e7ekle\u015fen konserde, 1990&#8217;l\u0131 y\u0131llardan g\u00fcn\u00fcm\u00fcze uzanan sevilen \u015fark\u0131lar farkl\u0131 ku\u015faklardan m\u00fczikseverleri bir araya getirdi. LEVENT Y\u00dcKSEL&#8217;DEN DUYGU Y\u00dcKL\u00dc PERFORMANS Levent Y\u00fcksel, g\u00fc\u00e7l\u00fc repertuvar\u0131yla festival alan\u0131nda m\u00fczikseverlere nostalji dolu bir gece ya\u015fatt\u0131. Sanat\u00e7\u0131; \u201cZalim\u201d, \u201cTuana\u201d, \u201cMed Cezir\u201d ve \u201cYeter Ki [&hellip;]<\/p>\n","protected":false},"author":1,"featured_media":950,"comment_status":"open","ping_status":"open","sticky":false,"template":"","format":"standard","meta":{"footnotes":""},"categories":[16],"tags":[],"class_list":["post-949","post","type-post","status-publish","format-standard","has-post-thumbnail","hentry","category-magazin"],"_links":{"self":[{"href":"https:\/\/turkiyemradyo.com\/index.php?rest_route=\/wp\/v2\/posts\/949","targetHints":{"allow":["GET"]}}],"collection":[{"href":"https:\/\/turkiyemradyo.com\/index.php?rest_route=\/wp\/v2\/posts"}],"about":[{"href":"https:\/\/turkiyemradyo.com\/index.php?rest_route=\/wp\/v2\/types\/post"}],"author":[{"embeddable":true,"href":"https:\/\/turkiyemradyo.com\/index.php?rest_route=\/wp\/v2\/users\/1"}],"replies":[{"embeddable":true,"href":"https:\/\/turkiyemradyo.com\/index.php?rest_route=%2Fwp%2Fv2%2Fcomments&post=949"}],"version-history":[{"count":1,"href":"https:\/\/turkiyemradyo.com\/index.php?rest_route=\/wp\/v2\/posts\/949\/revisions"}],"predecessor-version":[{"id":951,"href":"https:\/\/turkiyemradyo.com\/index.php?rest_route=\/wp\/v2\/posts\/949\/revisions\/951"}],"wp:featuredmedia":[{"embeddable":true,"href":"https:\/\/turkiyemradyo.com\/index.php?rest_route=\/wp\/v2\/media\/950"}],"wp:attachment":[{"href":"https:\/\/turkiyemradyo.com\/index.php?rest_route=%2Fwp%2Fv2%2Fmedia&parent=949"}],"wp:term":[{"taxonomy":"category","embeddable":true,"href":"https:\/\/turkiyemradyo.com\/index.php?rest_route=%2Fwp%2Fv2%2Fcategories&post=949"},{"taxonomy":"post_tag","embeddable":true,"href":"https:\/\/turkiyemradyo.com\/index.php?rest_route=%2Fwp%2Fv2%2Ftags&post=949"}],"curies":[{"name":"wp","href":"https:\/\/api.w.org\/{rel}","templated":true}]}}