{"id":946,"date":"2026-08-13T23:29:20","date_gmt":"2026-08-13T23:29:20","guid":{"rendered":"https:\/\/turkiyemradyo.com\/?p=946"},"modified":"2026-08-13T23:29:20","modified_gmt":"2026-08-13T23:29:20","slug":"serkan-kaya-malatyada-cosku-doldurdu","status":"publish","type":"post","link":"https:\/\/turkiyemradyo.com\/?p=946","title":{"rendered":"Serkan Kaya Malatya&#8217;da Co\u015fku Doldurdu"},"content":{"rendered":"\n<p class=\"wp-block-paragraph\">Malatya K\u00fclt\u00fcr Yolu Festivali&#8217;nin d\u00f6rd\u00fcnc\u00fc g\u00fcn\u00fcnde sahne alan Serkan Kaya, sevilen \u015fark\u0131lar\u0131yla Malatyal\u0131 m\u00fczikseverlere unutulmaz bir ak\u015fam ya\u015fatt\u0131.<\/p>\n\n\n\n<p class=\"wp-block-paragraph\">K\u00fclt\u00fcr ve Turizm Bakanl\u0131\u011f\u0131 taraf\u0131ndan d\u00fczenlenen Malatya K\u00fclt\u00fcr Yolu Festivali kapsam\u0131nda 100. Y\u0131l Kent Park\u0131&#8217;nda konser veren Serkan Kaya, geni\u015f bir repertuvarla hayranlar\u0131n\u0131n kar\u015f\u0131s\u0131na \u00e7\u0131kt\u0131.<\/p>\n\n\n\n<p class=\"wp-block-paragraph\">Sanat\u00e7\u0131, konser boyunca <strong>\u201cMesele\u201d, \u201cSevemiyorum\u201d, \u201cKara G\u00f6zl\u00fcm\u201d ve \u201cA\u015fk Ne Demek\u201d<\/strong> ba\u015fta olmak \u00fczere sevilen eserlerini seslendirdi. Konser alan\u0131n\u0131 dolduran m\u00fczikseverler, \u015fark\u0131lara hep bir a\u011f\u0131zdan e\u015flik etti.<\/p>\n\n\n\n<h2 class=\"wp-block-heading\">SERKAN KAYA&#8217;DAN DUYGU DOLU PERFORMANS<\/h2>\n\n\n\n<p class=\"wp-block-paragraph\">Arabesk ve fantezi m\u00fczi\u011fin sevilen isimlerinden Serkan Kaya, hareketli par\u00e7alar\u0131n\u0131n yan\u0131 s\u0131ra duygu y\u00fckl\u00fc \u015fark\u0131lar\u0131na da repertuvar\u0131nda yer verdi.<\/p>\n\n\n\n<p class=\"wp-block-paragraph\">Sahne performans\u0131 ve kendine \u00f6zg\u00fc yorumuyla be\u011feni toplayan sanat\u00e7\u0131, konser boyunca dinleyicilerle kurdu\u011fu samimi ileti\u015fimle alk\u0131\u015f ald\u0131.<\/p>\n\n\n\n<h2 class=\"wp-block-heading\">FARKLI YA\u015e GRUPLARI AYNI SAHNEDE BULU\u015eTU<\/h2>\n\n\n\n<ol start=\"100\" class=\"wp-block-list\">\n<li>Y\u0131l Kent Park\u0131&#8217;ndaki konserde farkl\u0131 ya\u015f gruplar\u0131ndan \u00e7ok say\u0131da m\u00fcziksever bir araya geldi. Festival atmosferinde \u015fark\u0131lara e\u015flik eden vatanda\u015flar, Serkan Kaya&#8217;n\u0131n performans\u0131na yo\u011fun ilgi g\u00f6sterdi.<\/li>\n<\/ol>\n\n\n\n<p class=\"wp-block-paragraph\">Malatya K\u00fclt\u00fcr Yolu Festivali kapsam\u0131nda d\u00fczenlenen konser programlar\u0131n\u0131n \u00f6n\u00fcm\u00fczdeki g\u00fcnlerde de farkl\u0131 sanat\u00e7\u0131lar\u0131n sahne performanslar\u0131yla devam edece\u011fi belirtildi.<\/p>\n","protected":false},"excerpt":{"rendered":"<p>Malatya K\u00fclt\u00fcr Yolu Festivali&#8217;nin d\u00f6rd\u00fcnc\u00fc g\u00fcn\u00fcnde sahne alan Serkan Kaya, sevilen \u015fark\u0131lar\u0131yla Malatyal\u0131 m\u00fczikseverlere unutulmaz bir ak\u015fam ya\u015fatt\u0131. K\u00fclt\u00fcr ve Turizm Bakanl\u0131\u011f\u0131 taraf\u0131ndan d\u00fczenlenen Malatya K\u00fclt\u00fcr Yolu Festivali kapsam\u0131nda 100. Y\u0131l Kent Park\u0131&#8217;nda konser veren Serkan Kaya, geni\u015f bir repertuvarla hayranlar\u0131n\u0131n kar\u015f\u0131s\u0131na \u00e7\u0131kt\u0131. Sanat\u00e7\u0131, konser boyunca \u201cMesele\u201d, \u201cSevemiyorum\u201d, \u201cKara G\u00f6zl\u00fcm\u201d ve \u201cA\u015fk Ne Demek\u201d ba\u015fta [&hellip;]<\/p>\n","protected":false},"author":1,"featured_media":947,"comment_status":"open","ping_status":"open","sticky":false,"template":"","format":"standard","meta":{"footnotes":""},"categories":[16],"tags":[],"class_list":["post-946","post","type-post","status-publish","format-standard","has-post-thumbnail","hentry","category-magazin"],"_links":{"self":[{"href":"https:\/\/turkiyemradyo.com\/index.php?rest_route=\/wp\/v2\/posts\/946","targetHints":{"allow":["GET"]}}],"collection":[{"href":"https:\/\/turkiyemradyo.com\/index.php?rest_route=\/wp\/v2\/posts"}],"about":[{"href":"https:\/\/turkiyemradyo.com\/index.php?rest_route=\/wp\/v2\/types\/post"}],"author":[{"embeddable":true,"href":"https:\/\/turkiyemradyo.com\/index.php?rest_route=\/wp\/v2\/users\/1"}],"replies":[{"embeddable":true,"href":"https:\/\/turkiyemradyo.com\/index.php?rest_route=%2Fwp%2Fv2%2Fcomments&post=946"}],"version-history":[{"count":1,"href":"https:\/\/turkiyemradyo.com\/index.php?rest_route=\/wp\/v2\/posts\/946\/revisions"}],"predecessor-version":[{"id":948,"href":"https:\/\/turkiyemradyo.com\/index.php?rest_route=\/wp\/v2\/posts\/946\/revisions\/948"}],"wp:featuredmedia":[{"embeddable":true,"href":"https:\/\/turkiyemradyo.com\/index.php?rest_route=\/wp\/v2\/media\/947"}],"wp:attachment":[{"href":"https:\/\/turkiyemradyo.com\/index.php?rest_route=%2Fwp%2Fv2%2Fmedia&parent=946"}],"wp:term":[{"taxonomy":"category","embeddable":true,"href":"https:\/\/turkiyemradyo.com\/index.php?rest_route=%2Fwp%2Fv2%2Fcategories&post=946"},{"taxonomy":"post_tag","embeddable":true,"href":"https:\/\/turkiyemradyo.com\/index.php?rest_route=%2Fwp%2Fv2%2Ftags&post=946"}],"curies":[{"name":"wp","href":"https:\/\/api.w.org\/{rel}","templated":true}]}}