{"id":1124,"date":"2026-08-20T22:38:28","date_gmt":"2026-08-20T22:38:28","guid":{"rendered":"https:\/\/turkiyemradyo.com\/?p=1124"},"modified":"2026-08-20T22:38:29","modified_gmt":"2026-08-20T22:38:29","slug":"top-model-of-turkiye-gecesinde-sevtug-kasapbasoglundan-surpriz-canli-performans","status":"publish","type":"post","link":"https:\/\/turkiyemradyo.com\/?p=1124","title":{"rendered":"TOP MODEL OF T\u00dcRK\u0130YE gecesinde Sevtu\u011f Kasapba\u015fo\u011flu\u2019ndan s\u00fcrpriz canl\u0131 performans"},"content":{"rendered":"\n<p class=\"wp-block-paragraph\">TOP MODEL OF T\u00dcRK\u0130YE gecesi, j\u00fcri oylar\u0131n\u0131n say\u0131ld\u0131\u011f\u0131 s\u0131rada ya\u015fanan s\u00fcrpriz canl\u0131 performansla renkli ve unutulmaz anlara sahne oldu.<\/p>\n\n\n\n<p class=\"wp-block-paragraph\">J\u00fcri oylar\u0131n\u0131n de\u011ferlendirilmesi s\u0131ras\u0131nda gelen canl\u0131 performans iste\u011fi \u00fczerine sahneye \u00e7\u0131kan Sevtu\u011f Kasapba\u015fo\u011flu, seslendirdi\u011fi \u015fark\u0131larla geceye damga vuran isimlerden biri oldu. Spontane geli\u015fen performans, salonda bulunan davetliler taraf\u0131ndan ilgiyle kar\u015f\u0131land\u0131.<\/p>\n\n\n\n<figure class=\"wp-block-image size-full\"><img loading=\"lazy\" decoding=\"async\" width=\"399\" height=\"501\" src=\"https:\/\/turkiyemradyo.com\/wp-content\/uploads\/2026\/08\/fdfsdfs.png\" alt=\"\" class=\"wp-image-1126\" srcset=\"https:\/\/turkiyemradyo.com\/wp-content\/uploads\/2026\/08\/fdfsdfs.png 399w, https:\/\/turkiyemradyo.com\/wp-content\/uploads\/2026\/08\/fdfsdfs-239x300.png 239w\" sizes=\"auto, (max-width: 399px) 100vw, 399px\" \/><\/figure>\n\n\n\n<p class=\"wp-block-paragraph\">Kasapba\u015fo\u011flu\u2019nun performans\u0131yla birlikte gecenin atmosferi de\u011fi\u015firken, organizasyonda birbirinden renkli g\u00f6r\u00fcnt\u00fcler ortaya \u00e7\u0131kt\u0131. TOP MODEL OF T\u00dcRK\u0130YE gecesi; j\u00fcri \u00fcyeleri, yar\u0131\u015fmac\u0131lar, davetliler ve organizasyonun ger\u00e7ekle\u015fmesinde g\u00f6rev alan ekiplerin kat\u0131l\u0131m\u0131yla \u00f6zel bir bulu\u015fmaya d\u00f6n\u00fc\u015ft\u00fc.<\/p>\n\n\n\n<figure class=\"wp-block-video\"><video height=\"1920\" style=\"aspect-ratio: 1080 \/ 1920;\" width=\"1080\" autoplay controls muted src=\"https:\/\/turkiyemradyo.com\/wp-content\/uploads\/2026\/08\/Sari-Pastel-Sakin-Agustos-Sahili-Instagram-Mobil-Video-2.mp4\" playsinline><\/video><\/figure>\n\n\n\n<p class=\"wp-block-paragraph\">Gecede ya\u015fanan s\u00fcrpriz performans\u0131n yan\u0131 s\u0131ra yar\u0131\u015fmac\u0131lar\u0131n heyecan\u0131 ve j\u00fcri de\u011ferlendirmeleri de organizasyonun \u00f6ne \u00e7\u0131kan anlar\u0131 aras\u0131nda yer ald\u0131.<\/p>\n\n\n\n<p class=\"wp-block-paragraph\">TOP MODEL OF T\u00dcRK\u0130YE gecesi, sahnedeki performanslar ve spontane geli\u015fen anlar\u0131yla davetlilerin haf\u0131zas\u0131nda yer edecek renkli organizasyonlardan biri oldu.<\/p>\n\n\n\n<p class=\"wp-block-paragraph\">#TopModelOfT\u00fcrkiye #Sevtu\u011fKasapba\u015fo\u011flu #TopModelT\u00fcrkiye #T\u00fcrkiyemRadyo #T\u00fcrkiyemHaber #MNRMedya<\/p>\n","protected":false},"excerpt":{"rendered":"<p>TOP MODEL OF T\u00dcRK\u0130YE gecesi, j\u00fcri oylar\u0131n\u0131n say\u0131ld\u0131\u011f\u0131 s\u0131rada ya\u015fanan s\u00fcrpriz canl\u0131 performansla renkli ve unutulmaz anlara sahne oldu. J\u00fcri oylar\u0131n\u0131n de\u011ferlendirilmesi s\u0131ras\u0131nda gelen canl\u0131 performans iste\u011fi \u00fczerine sahneye \u00e7\u0131kan Sevtu\u011f Kasapba\u015fo\u011flu, seslendirdi\u011fi \u015fark\u0131larla geceye damga vuran isimlerden biri oldu. Spontane geli\u015fen performans, salonda bulunan davetliler taraf\u0131ndan ilgiyle kar\u015f\u0131land\u0131. Kasapba\u015fo\u011flu\u2019nun performans\u0131yla birlikte gecenin atmosferi de\u011fi\u015firken, [&hellip;]<\/p>\n","protected":false},"author":1,"featured_media":1125,"comment_status":"open","ping_status":"open","sticky":false,"template":"","format":"standard","meta":{"footnotes":""},"categories":[16],"tags":[],"class_list":["post-1124","post","type-post","status-publish","format-standard","has-post-thumbnail","hentry","category-magazin"],"_links":{"self":[{"href":"https:\/\/turkiyemradyo.com\/index.php?rest_route=\/wp\/v2\/posts\/1124","targetHints":{"allow":["GET"]}}],"collection":[{"href":"https:\/\/turkiyemradyo.com\/index.php?rest_route=\/wp\/v2\/posts"}],"about":[{"href":"https:\/\/turkiyemradyo.com\/index.php?rest_route=\/wp\/v2\/types\/post"}],"author":[{"embeddable":true,"href":"https:\/\/turkiyemradyo.com\/index.php?rest_route=\/wp\/v2\/users\/1"}],"replies":[{"embeddable":true,"href":"https:\/\/turkiyemradyo.com\/index.php?rest_route=%2Fwp%2Fv2%2Fcomments&post=1124"}],"version-history":[{"count":1,"href":"https:\/\/turkiyemradyo.com\/index.php?rest_route=\/wp\/v2\/posts\/1124\/revisions"}],"predecessor-version":[{"id":1128,"href":"https:\/\/turkiyemradyo.com\/index.php?rest_route=\/wp\/v2\/posts\/1124\/revisions\/1128"}],"wp:featuredmedia":[{"embeddable":true,"href":"https:\/\/turkiyemradyo.com\/index.php?rest_route=\/wp\/v2\/media\/1125"}],"wp:attachment":[{"href":"https:\/\/turkiyemradyo.com\/index.php?rest_route=%2Fwp%2Fv2%2Fmedia&parent=1124"}],"wp:term":[{"taxonomy":"category","embeddable":true,"href":"https:\/\/turkiyemradyo.com\/index.php?rest_route=%2Fwp%2Fv2%2Fcategories&post=1124"},{"taxonomy":"post_tag","embeddable":true,"href":"https:\/\/turkiyemradyo.com\/index.php?rest_route=%2Fwp%2Fv2%2Ftags&post=1124"}],"curies":[{"name":"wp","href":"https:\/\/api.w.org\/{rel}","templated":true}]}}