{"id":1097,"date":"2026-08-18T22:34:16","date_gmt":"2026-08-18T22:34:16","guid":{"rendered":"https:\/\/turkiyemradyo.com\/?p=1097"},"modified":"2026-08-18T22:34:17","modified_gmt":"2026-08-18T22:34:17","slug":"kizilcik-serbetinin-cimeni-degisiyor-yeni-isim-asena-keskinci","status":"publish","type":"post","link":"https:\/\/turkiyemradyo.com\/?p=1097","title":{"rendered":"K\u0131z\u0131lc\u0131k \u015eerbeti&#8217;nin \u00c7imen&#8217;i de\u011fi\u015fiyor! Yeni isim Asena Keskinci"},"content":{"rendered":"\n<p class=\"wp-block-paragraph\">\u201cK\u0131z\u0131lc\u0131k \u015eerbeti\u201d dizisinin yeni sezonunda \u00c7imen karakterini canland\u0131racak isim belli oldu. Selin T\u00fcrkmen&#8217;in ard\u0131ndan role gen\u00e7 oyuncu Asena Keskinci getirildi.<\/p>\n\n\n\n<figure class=\"wp-block-image size-full\"><img loading=\"lazy\" decoding=\"async\" width=\"640\" height=\"798\" src=\"https:\/\/turkiyemradyo.com\/wp-content\/uploads\/2026\/08\/20260817_e95fceb739654740b8b50557f5b9c2a2.png\" alt=\"\" class=\"wp-image-1099\" srcset=\"https:\/\/turkiyemradyo.com\/wp-content\/uploads\/2026\/08\/20260817_e95fceb739654740b8b50557f5b9c2a2.png 640w, https:\/\/turkiyemradyo.com\/wp-content\/uploads\/2026\/08\/20260817_e95fceb739654740b8b50557f5b9c2a2-241x300.png 241w\" sizes=\"auto, (max-width: 640px) 100vw, 640px\" \/><\/figure>\n\n\n\n<p class=\"wp-block-paragraph\">\u201cK\u0131z\u0131lc\u0131k \u015eerbeti\u201d dizisinin 5. sezon haz\u0131rl\u0131klar\u0131 devam ederken kadroda da de\u011fi\u015fiklikler ya\u015fan\u0131yor. Yeni sezonda \u00c7imen karakterinin farkl\u0131 bir oyuncu taraf\u0131ndan canland\u0131r\u0131laca\u011f\u0131 daha \u00f6nce a\u00e7\u0131klanm\u0131\u015ft\u0131.<\/p>\n\n\n\n<figure class=\"wp-block-image size-full\"><img loading=\"lazy\" decoding=\"async\" width=\"640\" height=\"799\" src=\"https:\/\/turkiyemradyo.com\/wp-content\/uploads\/2026\/08\/kizilcik-serbetinin-cimeni-deg-35d9614143-5199_1_m.png\" alt=\"\" class=\"wp-image-1100\" srcset=\"https:\/\/turkiyemradyo.com\/wp-content\/uploads\/2026\/08\/kizilcik-serbetinin-cimeni-deg-35d9614143-5199_1_m.png 640w, https:\/\/turkiyemradyo.com\/wp-content\/uploads\/2026\/08\/kizilcik-serbetinin-cimeni-deg-35d9614143-5199_1_m-240x300.png 240w\" sizes=\"auto, (max-width: 640px) 100vw, 640px\" \/><\/figure>\n\n\n\n<p class=\"wp-block-paragraph\">Birsen Altunta\u015f&#8217;\u0131n haberine g\u00f6re,Selin T\u00fcrkmen&#8217;in  ard\u0131ndan \u00c7imen karakterine Asena Keskinci hayat verecek. B\u00f6ylece gen\u00e7 oyuncu, dizinin yeni sezon kadrosuna dahil oldu.<\/p>\n\n\n\n<figure class=\"wp-block-image size-full\"><img loading=\"lazy\" decoding=\"async\" width=\"640\" height=\"360\" src=\"https:\/\/turkiyemradyo.com\/wp-content\/uploads\/2026\/08\/erotik-sahneleri-ile-gundeme-g-20152507-8177_1_m.webp\" alt=\"\" class=\"wp-image-1101\" srcset=\"https:\/\/turkiyemradyo.com\/wp-content\/uploads\/2026\/08\/erotik-sahneleri-ile-gundeme-g-20152507-8177_1_m.webp 640w, https:\/\/turkiyemradyo.com\/wp-content\/uploads\/2026\/08\/erotik-sahneleri-ile-gundeme-g-20152507-8177_1_m-300x169.webp 300w\" sizes=\"auto, (max-width: 640px) 100vw, 640px\" \/><\/figure>\n\n\n\n<p class=\"wp-block-paragraph\">\u00c7ocuk ya\u015fta oyunculu\u011fa ba\u015flayan Keskinci, \u00f6zellikle \u201cBez Bebek\u201d dizisindeki rol\u00fcyle tan\u0131nd\u0131. Oyuncu son olarak Jasmine dizisinde ba\u015frol \u00fcstlendi.<\/p>\n\n\n\n<h3 class=\"wp-block-heading\">\u00c7\u0130MEN KARAKTER\u0130N\u0130 CANLANDIRACAK<\/h3>\n\n\n\n<p class=\"wp-block-paragraph\">Gazeteci Birsen Altunta\u015f&#8217;\u0131n haberine g\u00f6re;Selin T\u00fcrkmen&#8217;in veda etmesinin ard\u0131ndan senaryoda yer almaya devam edecek olan \u00c7imen karakterine yeni sezonda gen\u00e7 oyuncu Asena Keskinci hayat verecek.<\/p>\n\n\n\n<h3 class=\"wp-block-heading\">EROT\u0130K SAHNELER\u0130 G\u00dcNDEM OLMU\u015eTU&nbsp;<\/h3>\n\n\n\n<figure class=\"wp-block-image size-large\"><img loading=\"lazy\" decoding=\"async\" width=\"1024\" height=\"744\" src=\"https:\/\/turkiyemradyo.com\/wp-content\/uploads\/2026\/08\/erotik-sahneleri-ile-gundeme-gelen-isim-kizilcik_7bfae13374_amp-1024x744.jpg\" alt=\"\" class=\"wp-image-1102\" srcset=\"https:\/\/turkiyemradyo.com\/wp-content\/uploads\/2026\/08\/erotik-sahneleri-ile-gundeme-gelen-isim-kizilcik_7bfae13374_amp-1024x744.jpg 1024w, https:\/\/turkiyemradyo.com\/wp-content\/uploads\/2026\/08\/erotik-sahneleri-ile-gundeme-gelen-isim-kizilcik_7bfae13374_amp-300x218.jpg 300w, https:\/\/turkiyemradyo.com\/wp-content\/uploads\/2026\/08\/erotik-sahneleri-ile-gundeme-gelen-isim-kizilcik_7bfae13374_amp-768x558.jpg 768w, https:\/\/turkiyemradyo.com\/wp-content\/uploads\/2026\/08\/erotik-sahneleri-ile-gundeme-gelen-isim-kizilcik_7bfae13374_amp.jpg 1200w\" sizes=\"auto, (max-width: 1024px) 100vw, 1024px\" \/><\/figure>\n\n\n\n<p class=\"wp-block-paragraph\">\u00c7ocukluk y\u0131llar\u0131nda yay\u0131nlanan Bez Bebek dizisindeki &#8216;Ya\u011fmur&#8217; rol\u00fcyle haf\u0131zalara kaz\u0131nan Asena Keskinci, kariyerine bir\u00e7ok farkl\u0131 projeyle devam etti. Son olarak HBO Max platformunda yay\u0131nlanan Jasmine dizisinde ba\u015frol \u00fcstlenen gen\u00e7 oyuncu, projedeki iddial\u0131 ve cesur sahneleriyle de son d\u00f6nemde sosyal medyada ad\u0131ndan s\u0131k\u00e7a s\u00f6z ettirmi\u015fti.<\/p>\n\n\n\n<figure class=\"wp-block-image size-full\"><img loading=\"lazy\" decoding=\"async\" width=\"640\" height=\"533\" src=\"https:\/\/turkiyemradyo.com\/wp-content\/uploads\/2026\/08\/erotik-sahneleri-olay-olmustu-20152507-1491_1_m.webp\" alt=\"\" class=\"wp-image-1103\" srcset=\"https:\/\/turkiyemradyo.com\/wp-content\/uploads\/2026\/08\/erotik-sahneleri-olay-olmustu-20152507-1491_1_m.webp 640w, https:\/\/turkiyemradyo.com\/wp-content\/uploads\/2026\/08\/erotik-sahneleri-olay-olmustu-20152507-1491_1_m-300x250.webp 300w\" sizes=\"auto, (max-width: 640px) 100vw, 640px\" \/><\/figure>\n\n\n\n<p class=\"wp-block-paragraph\">Pe\u015f pe\u015fe ayr\u0131l\u0131klar\u0131n ya\u015fand\u0131\u011f\u0131 \u201cK\u0131z\u0131lc\u0131k \u015eerbeti\u201dnde yeni sezonla birlikte hik\u00e2yede de \u00f6nemli de\u011fi\u015fiklikler ya\u015fanmas\u0131 bekleniyor. Asena Keskinci&#8217;nin \u00c7imen karakteriyle diziye nas\u0131l bir renk kataca\u011f\u0131 ise merak konusu.<\/p>\n\n\n\n<p class=\"wp-block-paragraph\"><\/p>\n","protected":false},"excerpt":{"rendered":"<p>\u201cK\u0131z\u0131lc\u0131k \u015eerbeti\u201d dizisinin yeni sezonunda \u00c7imen karakterini canland\u0131racak isim belli oldu. Selin T\u00fcrkmen&#8217;in ard\u0131ndan role gen\u00e7 oyuncu Asena Keskinci getirildi. \u201cK\u0131z\u0131lc\u0131k \u015eerbeti\u201d dizisinin 5. sezon haz\u0131rl\u0131klar\u0131 devam ederken kadroda da de\u011fi\u015fiklikler ya\u015fan\u0131yor. Yeni sezonda \u00c7imen karakterinin farkl\u0131 bir oyuncu taraf\u0131ndan canland\u0131r\u0131laca\u011f\u0131 daha \u00f6nce a\u00e7\u0131klanm\u0131\u015ft\u0131. Birsen Altunta\u015f&#8217;\u0131n haberine g\u00f6re,Selin T\u00fcrkmen&#8217;in ard\u0131ndan \u00c7imen karakterine Asena Keskinci hayat [&hellip;]<\/p>\n","protected":false},"author":1,"featured_media":1098,"comment_status":"open","ping_status":"open","sticky":false,"template":"","format":"standard","meta":{"footnotes":""},"categories":[16],"tags":[],"class_list":["post-1097","post","type-post","status-publish","format-standard","has-post-thumbnail","hentry","category-magazin"],"_links":{"self":[{"href":"https:\/\/turkiyemradyo.com\/index.php?rest_route=\/wp\/v2\/posts\/1097","targetHints":{"allow":["GET"]}}],"collection":[{"href":"https:\/\/turkiyemradyo.com\/index.php?rest_route=\/wp\/v2\/posts"}],"about":[{"href":"https:\/\/turkiyemradyo.com\/index.php?rest_route=\/wp\/v2\/types\/post"}],"author":[{"embeddable":true,"href":"https:\/\/turkiyemradyo.com\/index.php?rest_route=\/wp\/v2\/users\/1"}],"replies":[{"embeddable":true,"href":"https:\/\/turkiyemradyo.com\/index.php?rest_route=%2Fwp%2Fv2%2Fcomments&post=1097"}],"version-history":[{"count":1,"href":"https:\/\/turkiyemradyo.com\/index.php?rest_route=\/wp\/v2\/posts\/1097\/revisions"}],"predecessor-version":[{"id":1104,"href":"https:\/\/turkiyemradyo.com\/index.php?rest_route=\/wp\/v2\/posts\/1097\/revisions\/1104"}],"wp:featuredmedia":[{"embeddable":true,"href":"https:\/\/turkiyemradyo.com\/index.php?rest_route=\/wp\/v2\/media\/1098"}],"wp:attachment":[{"href":"https:\/\/turkiyemradyo.com\/index.php?rest_route=%2Fwp%2Fv2%2Fmedia&parent=1097"}],"wp:term":[{"taxonomy":"category","embeddable":true,"href":"https:\/\/turkiyemradyo.com\/index.php?rest_route=%2Fwp%2Fv2%2Fcategories&post=1097"},{"taxonomy":"post_tag","embeddable":true,"href":"https:\/\/turkiyemradyo.com\/index.php?rest_route=%2Fwp%2Fv2%2Ftags&post=1097"}],"curies":[{"name":"wp","href":"https:\/\/api.w.org\/{rel}","templated":true}]}}