{"id":1092,"date":"2026-08-18T22:27:05","date_gmt":"2026-08-18T22:27:05","guid":{"rendered":"https:\/\/turkiyemradyo.com\/?p=1092"},"modified":"2026-08-18T22:27:09","modified_gmt":"2026-08-18T22:27:09","slug":"simge-sahnede-cicek-acti-cesur-tarzini-gorenlerin-akli-basindan-gitti","status":"publish","type":"post","link":"https:\/\/turkiyemradyo.com\/?p=1092","title":{"rendered":"Simge sahnede \u00e7i\u00e7ek a\u00e7t\u0131! Cesur tarz\u0131n\u0131 g\u00f6renlerin akl\u0131 ba\u015f\u0131ndan gitti"},"content":{"rendered":"\n<p class=\"wp-block-paragraph\">Simge, sahne tarz\u0131yla yine dikkatleri \u00fczerine \u00e7ekti. \u00dcnl\u00fc \u015fark\u0131c\u0131n\u0131n \u00e7i\u00e7ek detayl\u0131 kombini, iddial\u0131 g\u00f6r\u00fcnt\u00fcs\u00fcyle \u00f6ne \u00e7\u0131kt\u0131.<\/p>\n\n\n\n<p class=\"wp-block-paragraph\">T\u00fcrk pop m\u00fczi\u011finin sevilen isimlerinden Simge, sahne tarz\u0131yla bir kez daha dikkat \u00e7ekti. 2015 y\u0131l\u0131nda \u00e7\u0131kard\u0131\u011f\u0131 \u201cMi\u015f Mi\u015f\u201d \u015fark\u0131s\u0131yla b\u00fcy\u00fck bir \u00e7\u0131k\u0131\u015f yakalayan \u015fark\u0131c\u0131, ard\u0131ndan \u201cYank\u0131\u201d, \u201cBen Bazen\u201d, \u201c\u00d6p\u00fccem\u201d ve \u201cA\u015fk\u0131n Olay\u0131m\u201d gibi hit par\u00e7alar\u0131yla kariyerini s\u00fcrd\u00fcrd\u00fc.<\/p>\n\n\n\n<figure class=\"wp-block-image size-full\"><img loading=\"lazy\" decoding=\"async\" width=\"640\" height=\"798\" src=\"https:\/\/turkiyemradyo.com\/wp-content\/uploads\/2026\/08\/simge-sahnede-cicek-acti-cesur-b9a07ce12c-7242_1_m.webp\" alt=\"\" class=\"wp-image-1094\" srcset=\"https:\/\/turkiyemradyo.com\/wp-content\/uploads\/2026\/08\/simge-sahnede-cicek-acti-cesur-b9a07ce12c-7242_1_m.webp 640w, https:\/\/turkiyemradyo.com\/wp-content\/uploads\/2026\/08\/simge-sahnede-cicek-acti-cesur-b9a07ce12c-7242_1_m-241x300.webp 241w\" sizes=\"auto, (max-width: 640px) 100vw, 640px\" \/><\/figure>\n\n\n\n<p class=\"wp-block-paragraph\">Son d\u00f6nemde \u00f6zel hayat\u0131yla da g\u00fcndeme gelen Simge, Mart ay\u0131nda DJ ve m\u00fczik prod\u00fckt\u00f6r\u00fc \u0130lkay \u015eencan ile yeni bir ili\u015fkiye ba\u015flam\u0131\u015ft\u0131. Ancak \u00e7iftin birlikteli\u011fi uzun s\u00fcrmedi. Temmuz ay\u0131nda yollar\u0131n\u0131 ay\u0131ran ikili, sosyal medya hesaplar\u0131ndan birlikte foto\u011fraflar\u0131n\u0131 silerek birbirlerini takipten \u00e7\u0131kard\u0131.<\/p>\n\n\n\n<p class=\"wp-block-paragraph\">\u00d6zel hayat\u0131ndaki geli\u015fmelerin ard\u0131ndan sahne \u00e7al\u0131\u015fmalar\u0131na devam eden Simge, bu kez tercih etti\u011fi kost\u00fcmle ad\u0131ndan s\u00f6z ettirdi. \u00c7i\u00e7ek detayl\u0131 dantel bikinisiyle sahneye \u00e7\u0131kan \u015fark\u0131c\u0131, renkli ve iddial\u0131 tarz\u0131yla be\u011feni toplad\u0131.<\/p>\n\n\n\n<figure class=\"wp-block-image size-full\"><img loading=\"lazy\" decoding=\"async\" width=\"640\" height=\"852\" src=\"https:\/\/turkiyemradyo.com\/wp-content\/uploads\/2026\/08\/20260818_543f2e3f23f24d31baa1175fc1196abb.webp\" alt=\"\" class=\"wp-image-1095\" srcset=\"https:\/\/turkiyemradyo.com\/wp-content\/uploads\/2026\/08\/20260818_543f2e3f23f24d31baa1175fc1196abb.webp 640w, https:\/\/turkiyemradyo.com\/wp-content\/uploads\/2026\/08\/20260818_543f2e3f23f24d31baa1175fc1196abb-225x300.webp 225w\" sizes=\"auto, (max-width: 640px) 100vw, 640px\" \/><\/figure>\n\n\n\n<p class=\"wp-block-paragraph\">Simge&#8217;nin \u00e7i\u00e7ek motiflerini \u00f6ne \u00e7\u0131kard\u0131\u011f\u0131 sahne kombini, yaz konserlerinin enerjisini yans\u0131tan dikkat \u00e7ekici detaylardan biri oldu. \u00dcnl\u00fc \u015fark\u0131c\u0131n\u0131n sahnedeki g\u00f6r\u00fcn\u00fcm\u00fc hayranlar\u0131n\u0131n da be\u011fenisini kazand\u0131.<\/p>\n","protected":false},"excerpt":{"rendered":"<p>Simge, sahne tarz\u0131yla yine dikkatleri \u00fczerine \u00e7ekti. \u00dcnl\u00fc \u015fark\u0131c\u0131n\u0131n \u00e7i\u00e7ek detayl\u0131 kombini, iddial\u0131 g\u00f6r\u00fcnt\u00fcs\u00fcyle \u00f6ne \u00e7\u0131kt\u0131. T\u00fcrk pop m\u00fczi\u011finin sevilen isimlerinden Simge, sahne tarz\u0131yla bir kez daha dikkat \u00e7ekti. 2015 y\u0131l\u0131nda \u00e7\u0131kard\u0131\u011f\u0131 \u201cMi\u015f Mi\u015f\u201d \u015fark\u0131s\u0131yla b\u00fcy\u00fck bir \u00e7\u0131k\u0131\u015f yakalayan \u015fark\u0131c\u0131, ard\u0131ndan \u201cYank\u0131\u201d, \u201cBen Bazen\u201d, \u201c\u00d6p\u00fccem\u201d ve \u201cA\u015fk\u0131n Olay\u0131m\u201d gibi hit par\u00e7alar\u0131yla kariyerini s\u00fcrd\u00fcrd\u00fc. Son d\u00f6nemde [&hellip;]<\/p>\n","protected":false},"author":1,"featured_media":1093,"comment_status":"open","ping_status":"open","sticky":false,"template":"","format":"standard","meta":{"footnotes":""},"categories":[16],"tags":[],"class_list":["post-1092","post","type-post","status-publish","format-standard","has-post-thumbnail","hentry","category-magazin"],"_links":{"self":[{"href":"https:\/\/turkiyemradyo.com\/index.php?rest_route=\/wp\/v2\/posts\/1092","targetHints":{"allow":["GET"]}}],"collection":[{"href":"https:\/\/turkiyemradyo.com\/index.php?rest_route=\/wp\/v2\/posts"}],"about":[{"href":"https:\/\/turkiyemradyo.com\/index.php?rest_route=\/wp\/v2\/types\/post"}],"author":[{"embeddable":true,"href":"https:\/\/turkiyemradyo.com\/index.php?rest_route=\/wp\/v2\/users\/1"}],"replies":[{"embeddable":true,"href":"https:\/\/turkiyemradyo.com\/index.php?rest_route=%2Fwp%2Fv2%2Fcomments&post=1092"}],"version-history":[{"count":1,"href":"https:\/\/turkiyemradyo.com\/index.php?rest_route=\/wp\/v2\/posts\/1092\/revisions"}],"predecessor-version":[{"id":1096,"href":"https:\/\/turkiyemradyo.com\/index.php?rest_route=\/wp\/v2\/posts\/1092\/revisions\/1096"}],"wp:featuredmedia":[{"embeddable":true,"href":"https:\/\/turkiyemradyo.com\/index.php?rest_route=\/wp\/v2\/media\/1093"}],"wp:attachment":[{"href":"https:\/\/turkiyemradyo.com\/index.php?rest_route=%2Fwp%2Fv2%2Fmedia&parent=1092"}],"wp:term":[{"taxonomy":"category","embeddable":true,"href":"https:\/\/turkiyemradyo.com\/index.php?rest_route=%2Fwp%2Fv2%2Fcategories&post=1092"},{"taxonomy":"post_tag","embeddable":true,"href":"https:\/\/turkiyemradyo.com\/index.php?rest_route=%2Fwp%2Fv2%2Ftags&post=1092"}],"curies":[{"name":"wp","href":"https:\/\/api.w.org\/{rel}","templated":true}]}}