{"id":1087,"date":"2026-08-18T22:23:06","date_gmt":"2026-08-18T22:23:06","guid":{"rendered":"https:\/\/turkiyemradyo.com\/?p=1087"},"modified":"2026-08-18T22:23:06","modified_gmt":"2026-08-18T22:23:06","slug":"seyma-subasina-kizindan-olay-benzetme-prenses-dianaya-benziyorsun","status":"publish","type":"post","link":"https:\/\/turkiyemradyo.com\/?p=1087","title":{"rendered":"\u015eeyma Suba\u015f\u0131&#8217;na k\u0131z\u0131ndan olay benzetme: Prenses Diana&#8217;ya benziyorsun"},"content":{"rendered":"\n<p class=\"wp-block-paragraph\">\u015eeyma Suba\u015f\u0131, k\u0131z\u0131 Melisa ile ge\u00e7irdi\u011fi keyifli anlar\u0131 sosyal medya hesab\u0131ndan payla\u015ft\u0131. Anne-k\u0131z\u0131n peruk deneyip m\u00fczik e\u015fli\u011finde e\u011flendi\u011fi anlar dikkat \u00e7ekti.<\/p>\n\n\n\n<figure class=\"wp-block-image size-large\"><img loading=\"lazy\" decoding=\"async\" width=\"623\" height=\"1024\" src=\"https:\/\/turkiyemradyo.com\/wp-content\/uploads\/2026\/08\/seyma-subasina-kizindan-olay-b-38609138-9655_1_m-623x1024.webp\" alt=\"\" class=\"wp-image-1089\" srcset=\"https:\/\/turkiyemradyo.com\/wp-content\/uploads\/2026\/08\/seyma-subasina-kizindan-olay-b-38609138-9655_1_m-623x1024.webp 623w, https:\/\/turkiyemradyo.com\/wp-content\/uploads\/2026\/08\/seyma-subasina-kizindan-olay-b-38609138-9655_1_m-183x300.webp 183w, https:\/\/turkiyemradyo.com\/wp-content\/uploads\/2026\/08\/seyma-subasina-kizindan-olay-b-38609138-9655_1_m.webp 640w\" sizes=\"auto, (max-width: 623px) 100vw, 623px\" \/><\/figure>\n\n\n\n<p class=\"wp-block-paragraph\">Sosyal medya payla\u015f\u0131mlar\u0131yla s\u0131k s\u0131k g\u00fcndeme gelen\u00a0\u015eeyma Suba\u015f\u0131, bu kez k\u0131z\u0131 Melisa ile ge\u00e7irdi\u011fi e\u011flenceli anlar\u0131 takip\u00e7ileriyle payla\u015ft\u0131.<\/p>\n\n\n\n<figure class=\"wp-block-image size-full\"><img loading=\"lazy\" decoding=\"async\" width=\"640\" height=\"997\" src=\"https:\/\/turkiyemradyo.com\/wp-content\/uploads\/2026\/08\/seyma-subasina-kizindan-olay-b-91316962-7185_1_m.webp\" alt=\"\" class=\"wp-image-1090\" srcset=\"https:\/\/turkiyemradyo.com\/wp-content\/uploads\/2026\/08\/seyma-subasina-kizindan-olay-b-91316962-7185_1_m.webp 640w, https:\/\/turkiyemradyo.com\/wp-content\/uploads\/2026\/08\/seyma-subasina-kizindan-olay-b-91316962-7185_1_m-193x300.webp 193w\" sizes=\"auto, (max-width: 640px) 100vw, 640px\" \/><\/figure>\n\n\n\n<p class=\"wp-block-paragraph\">Anne-k\u0131z, birlikte farkl\u0131 peruklar deneyerek e\u011flenceli anlar ya\u015fad\u0131. M\u00fczik\u00a0dinleyip birbirlerine g\u00fclerek keyifli vakit ge\u00e7iren ikilinin ne\u015feli halleri kameraya yans\u0131d\u0131.<\/p>\n\n\n\n<p class=\"wp-block-paragraph\">Suba\u015f\u0131, payla\u015f\u0131m\u0131nda k\u0131z\u0131 Melisa&#8217;n\u0131n kendisine y\u00f6nelik s\u00f6zlerine de yer verdi. Melisa&#8217;n\u0131n \u201cAnne, Prenses Diana&#8217;ya benziyorsun\u201d s\u00f6zlerini aktaran Suba\u015f\u0131, payla\u015f\u0131m\u0131na \u201cAwwww. Diana olsun o zaman \u201d notunu ekledi.<\/p>\n","protected":false},"excerpt":{"rendered":"<p>\u015eeyma Suba\u015f\u0131, k\u0131z\u0131 Melisa ile ge\u00e7irdi\u011fi keyifli anlar\u0131 sosyal medya hesab\u0131ndan payla\u015ft\u0131. Anne-k\u0131z\u0131n peruk deneyip m\u00fczik e\u015fli\u011finde e\u011flendi\u011fi anlar dikkat \u00e7ekti. Sosyal medya payla\u015f\u0131mlar\u0131yla s\u0131k s\u0131k g\u00fcndeme gelen\u00a0\u015eeyma Suba\u015f\u0131, bu kez k\u0131z\u0131 Melisa ile ge\u00e7irdi\u011fi e\u011flenceli anlar\u0131 takip\u00e7ileriyle payla\u015ft\u0131. Anne-k\u0131z, birlikte farkl\u0131 peruklar deneyerek e\u011flenceli anlar ya\u015fad\u0131. M\u00fczik\u00a0dinleyip birbirlerine g\u00fclerek keyifli vakit ge\u00e7iren ikilinin ne\u015feli [&hellip;]<\/p>\n","protected":false},"author":1,"featured_media":1088,"comment_status":"open","ping_status":"open","sticky":false,"template":"","format":"standard","meta":{"footnotes":""},"categories":[16],"tags":[],"class_list":["post-1087","post","type-post","status-publish","format-standard","has-post-thumbnail","hentry","category-magazin"],"_links":{"self":[{"href":"https:\/\/turkiyemradyo.com\/index.php?rest_route=\/wp\/v2\/posts\/1087","targetHints":{"allow":["GET"]}}],"collection":[{"href":"https:\/\/turkiyemradyo.com\/index.php?rest_route=\/wp\/v2\/posts"}],"about":[{"href":"https:\/\/turkiyemradyo.com\/index.php?rest_route=\/wp\/v2\/types\/post"}],"author":[{"embeddable":true,"href":"https:\/\/turkiyemradyo.com\/index.php?rest_route=\/wp\/v2\/users\/1"}],"replies":[{"embeddable":true,"href":"https:\/\/turkiyemradyo.com\/index.php?rest_route=%2Fwp%2Fv2%2Fcomments&post=1087"}],"version-history":[{"count":1,"href":"https:\/\/turkiyemradyo.com\/index.php?rest_route=\/wp\/v2\/posts\/1087\/revisions"}],"predecessor-version":[{"id":1091,"href":"https:\/\/turkiyemradyo.com\/index.php?rest_route=\/wp\/v2\/posts\/1087\/revisions\/1091"}],"wp:featuredmedia":[{"embeddable":true,"href":"https:\/\/turkiyemradyo.com\/index.php?rest_route=\/wp\/v2\/media\/1088"}],"wp:attachment":[{"href":"https:\/\/turkiyemradyo.com\/index.php?rest_route=%2Fwp%2Fv2%2Fmedia&parent=1087"}],"wp:term":[{"taxonomy":"category","embeddable":true,"href":"https:\/\/turkiyemradyo.com\/index.php?rest_route=%2Fwp%2Fv2%2Fcategories&post=1087"},{"taxonomy":"post_tag","embeddable":true,"href":"https:\/\/turkiyemradyo.com\/index.php?rest_route=%2Fwp%2Fv2%2Ftags&post=1087"}],"curies":[{"name":"wp","href":"https:\/\/api.w.org\/{rel}","templated":true}]}}